{"id":192,"date":"2026-03-11T14:05:37","date_gmt":"2026-03-11T17:05:37","guid":{"rendered":"https:\/\/www.ccs.ufpb.br\/ppgenf\/?p=192"},"modified":"2026-03-12T13:49:04","modified_gmt":"2026-03-12T16:49:04","slug":"resultado-aluno-especial-2026-1","status":"publish","type":"post","link":"https:\/\/www.ccs.ufpb.br\/ppgenf\/sem-categoria\/resultado-aluno-especial-2026-1\/","title":{"rendered":"RESULTADO &#8211; ALUNO ESPECIAL 2026.1"},"content":{"rendered":"\n<figure class=\"wp-block-image size-full\"><img loading=\"lazy\" decoding=\"async\" width=\"500\" height=\"500\" src=\"http:\/\/www.ccs.ufpb.br\/ppgenf\/wp-content\/uploads\/sites\/21\/sites\/438\/2026\/02\/News-removebg-preview.png\" alt=\"\" class=\"wp-image-186\" srcset=\"https:\/\/www.ccs.ufpb.br\/ppgenf\/wp-content\/uploads\/sites\/21\/sites\/438\/2026\/02\/News-removebg-preview.png 500w, https:\/\/www.ccs.ufpb.br\/ppgenf\/wp-content\/uploads\/sites\/21\/sites\/438\/2026\/02\/News-removebg-preview-300x300.png 300w, https:\/\/www.ccs.ufpb.br\/ppgenf\/wp-content\/uploads\/sites\/21\/sites\/438\/2026\/02\/News-removebg-preview-150x150.png 150w\" sizes=\"auto, (max-width: 500px) 100vw, 500px\" \/><\/figure>\n\n\n\n<p class=\"wp-block-paragraph\">A Cooordena\u00e7\u00e3o do PPGENF divulga o resultado (em ordem alfab\u00e9tica) da sele\u00e7\u00e3o para aluno especial<\/p>\n\n\n\n<p class=\"wp-block-paragraph\"><strong>Disciplina:&nbsp;&nbsp;T\u00d3PICOS TEM\u00c1TICOS &#8211; Inova\u00e7\u00e3o e Tecnologias Educacionais em Sa\u00fade e&nbsp;Enfermagem (presencial)<\/strong><\/p>\n\n\n\n<p class=\"wp-block-paragraph\">1. Ana Paula Feles Dantas Melo<br>2. Fernanda Ferreira de Andrade<br>3. Luana Idalino da Silva<br>4. S\u00e9rgio Ferreira da Silva<br>5. Viviane Cristina Vieira da Silva<\/p>\n\n\n\n<p class=\"wp-block-paragraph\"><strong>Sobre a matr\u00edcula:<\/strong><\/p>\n\n\n\n<ul class=\"wp-block-list\">\n<li><strong>Dia<\/strong>&nbsp;16\/03 (segunda-feira), apenas Presencial<\/li>\n\n\n\n<li><strong>Local:<\/strong>&nbsp;Secretaria do PPGENF<\/li>\n\n\n\n<li><strong>Taxa administrativa:<\/strong>&nbsp;R$100 (em esp\u00e9cie)<\/li>\n\n\n\n<li>Formul\u00e1rio de cadastro (<a href=\"http:\/\/www.ccs.ufpb.br\/ppgenf\/wp-content\/uploads\/sites\/21\/sites\/438\/2026\/03\/FICHA_DE_CADASTRO-ALUNO-ESPECIAL.docx.pdf\">LINK PARA ACESSAR O DOCUMENTO<\/a>)<\/li>\n\n\n\n<li>c\u00f3pia do documento de identidade<\/li>\n<\/ul>\n","protected":false},"excerpt":{"rendered":"<p>A Cooordena\u00e7\u00e3o do PPGENF divulga o resultado (em ordem alfab\u00e9tica) da sele\u00e7\u00e3o para aluno especial [&hellip;]<\/p>\n","protected":false},"author":519,"featured_media":0,"comment_status":"open","ping_status":"open","sticky":false,"template":"","format":"standard","meta":{"footnotes":""},"categories":[1],"tags":[],"class_list":["post-192","post","type-post","status-publish","format-standard","hentry","category-sem-categoria"],"_links":{"self":[{"href":"https:\/\/www.ccs.ufpb.br\/ppgenf\/wp-json\/wp\/v2\/posts\/192","targetHints":{"allow":["GET"]}}],"collection":[{"href":"https:\/\/www.ccs.ufpb.br\/ppgenf\/wp-json\/wp\/v2\/posts"}],"about":[{"href":"https:\/\/www.ccs.ufpb.br\/ppgenf\/wp-json\/wp\/v2\/types\/post"}],"author":[{"embeddable":true,"href":"https:\/\/www.ccs.ufpb.br\/ppgenf\/wp-json\/wp\/v2\/users\/519"}],"replies":[{"embeddable":true,"href":"https:\/\/www.ccs.ufpb.br\/ppgenf\/wp-json\/wp\/v2\/comments?post=192"}],"version-history":[{"count":3,"href":"https:\/\/www.ccs.ufpb.br\/ppgenf\/wp-json\/wp\/v2\/posts\/192\/revisions"}],"predecessor-version":[{"id":210,"href":"https:\/\/www.ccs.ufpb.br\/ppgenf\/wp-json\/wp\/v2\/posts\/192\/revisions\/210"}],"wp:attachment":[{"href":"https:\/\/www.ccs.ufpb.br\/ppgenf\/wp-json\/wp\/v2\/media?parent=192"}],"wp:term":[{"taxonomy":"category","embeddable":true,"href":"https:\/\/www.ccs.ufpb.br\/ppgenf\/wp-json\/wp\/v2\/categories?post=192"},{"taxonomy":"post_tag","embeddable":true,"href":"https:\/\/www.ccs.ufpb.br\/ppgenf\/wp-json\/wp\/v2\/tags?post=192"}],"curies":[{"name":"wp","href":"https:\/\/api.w.org\/{rel}","templated":true}]}}