{"id":896,"date":"2026-03-30T15:23:48","date_gmt":"2026-03-30T18:23:48","guid":{"rendered":"https:\/\/www.ccs.ufpb.br\/ppgcn\/?p=896"},"modified":"2026-03-30T15:23:49","modified_gmt":"2026-03-30T18:23:49","slug":"ppgcn-convida-mulheres-do-programa-a-conhecerem-a-comu-ufpb","status":"publish","type":"post","link":"https:\/\/www.ccs.ufpb.br\/ppgcn\/ultimas-noticias\/ppgcn-convida-mulheres-do-programa-a-conhecerem-a-comu-ufpb\/","title":{"rendered":"PPGCN convida mulheres do Programa a conhecerem a CoMu\/UFPB"},"content":{"rendered":"\n<p class=\"wp-block-paragraph\">Em conson\u00e2ncia com as diretrizes nacionais de promo\u00e7\u00e3o de ambientes acad\u00eamicos seguros, equitativos e livres de viol\u00eancias, o PPGCN\/UFPB convida suas estudantes e docentes a conhecerem a <a href=\"https:\/\/www.ufpb.br\/comu\/\">CoMu \u2013 Centro de Refer\u00eancia de Pol\u00edticas de Preven\u00e7\u00e3o e Enfrentamento \u00e0s Viol\u00eancias contra as Mulheres da UFPB<\/a>.<\/p>\n\n\n\n<p class=\"wp-block-paragraph\">A iniciativa dialoga diretamente com a recente publica\u00e7\u00e3o da Portaria CAPES n\u00ba 45\/2026, que estabelece a necessidade de a\u00e7\u00f5es permanentes de preven\u00e7\u00e3o e enfrentamento ao ass\u00e9dio moral, ass\u00e9dio sexual, viol\u00eancias de g\u00eanero e diferentes formas de discrimina\u00e7\u00e3o no \u00e2mbito da p\u00f3s-gradua\u00e7\u00e3o.<\/p>\n\n\n\n<p class=\"wp-block-paragraph\">Criada em 2018, a CoMu \u00e9 um equipamento institucional que atua de forma integrada na escuta, acolhimento, orienta\u00e7\u00e3o e encaminhamento de situa\u00e7\u00f5es de viol\u00eancia, al\u00e9m de desenvolver a\u00e7\u00f5es educativas e formativas voltadas \u00e0 preven\u00e7\u00e3o.<\/p>\n\n\n\n<p class=\"wp-block-paragraph\">No \u00e2mbito institucional, a Pr\u00f3-Reitoria de P\u00f3s-Gradua\u00e7\u00e3o (PRPG\/UFPB) informa que adotar\u00e1 a\u00e7\u00f5es voltadas \u00e0 internaliza\u00e7\u00e3o e institucionaliza\u00e7\u00e3o das recomenda\u00e7\u00f5es da Portaria CAPES n\u00ba 45\/2026, em articula\u00e7\u00e3o com os Programas de P\u00f3s-Gradua\u00e7\u00e3o e demais \u00f3rg\u00e3os competentes da Universidade, respeitando as normativas internas e a legisla\u00e7\u00e3o vigente. O objetivo \u00e9 fortalecer uma pol\u00edtica institucional integrada de preven\u00e7\u00e3o e enfrentamento a todas as formas de ass\u00e9dio, viol\u00eancia e discrimina\u00e7\u00e3o na p\u00f3s-gradua\u00e7\u00e3o, reafirmando o compromisso da UFPB com a dignidade humana, a equidade, o respeito \u00e0 diversidade e a promo\u00e7\u00e3o de um ambiente acad\u00eamico \u00e9tico e seguro. Al\u00e9m disso, a PRPG manter\u00e1 as coordena\u00e7\u00f5es informadas sobre as iniciativas institucionais a serem implementadas e sobre orienta\u00e7\u00f5es complementares relativas \u00e0 aplica\u00e7\u00e3o da Portaria no \u00e2mbito da Universidade<\/p>\n\n\n\n<p class=\"wp-block-paragraph\">Nesse contexto, o PPGCN destaca a import\u00e2ncia de que todas as mulheres do Programa conhe\u00e7am a CoMu, seus servi\u00e7os e canais de apoio, contribuindo para a constru\u00e7\u00e3o de um ambiente acad\u00eamico mais seguro, acolhedor e livre de viol\u00eancias. Ressalta, ainda, a relev\u00e2ncia de que a comunidade acad\u00eamica continue acompanhando as a\u00e7\u00f5es e comunicados da PRPG\/UFPB e do pr\u00f3prio PPGCN, fortalecendo a divulga\u00e7\u00e3o de iniciativas institucionais e o acesso \u00e0s informa\u00e7\u00f5es de interesse coletivo.<\/p>\n\n\n\n<p class=\"wp-block-paragraph\">A promo\u00e7\u00e3o de uma p\u00f3s-gradua\u00e7\u00e3o \u00e9tica e inclusiva \u00e9 uma responsabilidade coletiva.<\/p>\n","protected":false},"excerpt":{"rendered":"<p>Em conson\u00e2ncia com as diretrizes nacionais de promo\u00e7\u00e3o de ambientes acad\u00eamicos seguros, equitativos e livres [&hellip;]<\/p>\n","protected":false},"author":506,"featured_media":897,"comment_status":"closed","ping_status":"closed","sticky":false,"template":"","format":"standard","meta":{"footnotes":""},"categories":[1],"tags":[],"class_list":["post-896","post","type-post","status-publish","format-standard","has-post-thumbnail","hentry","category-ultimas-noticias"],"_links":{"self":[{"href":"https:\/\/www.ccs.ufpb.br\/ppgcn\/wp-json\/wp\/v2\/posts\/896","targetHints":{"allow":["GET"]}}],"collection":[{"href":"https:\/\/www.ccs.ufpb.br\/ppgcn\/wp-json\/wp\/v2\/posts"}],"about":[{"href":"https:\/\/www.ccs.ufpb.br\/ppgcn\/wp-json\/wp\/v2\/types\/post"}],"author":[{"embeddable":true,"href":"https:\/\/www.ccs.ufpb.br\/ppgcn\/wp-json\/wp\/v2\/users\/506"}],"replies":[{"embeddable":true,"href":"https:\/\/www.ccs.ufpb.br\/ppgcn\/wp-json\/wp\/v2\/comments?post=896"}],"version-history":[{"count":1,"href":"https:\/\/www.ccs.ufpb.br\/ppgcn\/wp-json\/wp\/v2\/posts\/896\/revisions"}],"predecessor-version":[{"id":898,"href":"https:\/\/www.ccs.ufpb.br\/ppgcn\/wp-json\/wp\/v2\/posts\/896\/revisions\/898"}],"wp:featuredmedia":[{"embeddable":true,"href":"https:\/\/www.ccs.ufpb.br\/ppgcn\/wp-json\/wp\/v2\/media\/897"}],"wp:attachment":[{"href":"https:\/\/www.ccs.ufpb.br\/ppgcn\/wp-json\/wp\/v2\/media?parent=896"}],"wp:term":[{"taxonomy":"category","embeddable":true,"href":"https:\/\/www.ccs.ufpb.br\/ppgcn\/wp-json\/wp\/v2\/categories?post=896"},{"taxonomy":"post_tag","embeddable":true,"href":"https:\/\/www.ccs.ufpb.br\/ppgcn\/wp-json\/wp\/v2\/tags?post=896"}],"curies":[{"name":"wp","href":"https:\/\/api.w.org\/{rel}","templated":true}]}}