{"id":294,"date":"2024-10-09T18:13:52","date_gmt":"2024-10-09T21:13:52","guid":{"rendered":"https:\/\/www.ccs.ufpb.br\/liev\/?p=294"},"modified":"2024-10-09T18:20:46","modified_gmt":"2024-10-09T21:20:46","slug":"evento-liev","status":"publish","type":"post","link":"https:\/\/www.ccs.ufpb.br\/liev\/palestras\/evento-liev\/","title":{"rendered":"Evento sobre Anatomia Palpat\u00f3ria com S\u00e1vio Bastos"},"content":{"rendered":"\n<p>No dia 18 e 19 de outubro de 2024, das 9h as 18h, acontecer\u00e1 um minicurso sobre o tema &#8220;Anatomia Palpat\u00f3ria Aplicada \u00e0 Fonoaudiologia&#8221; com o palestrante S\u00e1vio Bastos, promovido pelo Laborat\u00f3rio Integrado de Estudos da Voz.<\/p>\n\n\n\n<p>   S\u00e1vio Bastos \u00e9 fonoaudi\u00f3logo com p\u00f3s-gradua\u00e7\u00e3o em Voz e Motricidade Orofacial e reconhecido pela sua atua\u00e7\u00e3o em programas de forma\u00e7\u00e3o em fotobiomodula\u00e7\u00e3o para fonoaudi\u00f3logos. <\/p>\n\n\n\n<p>   O local de realiza\u00e7\u00e3o do evento ser\u00e1 na sala de reuni\u00f5es do Laborat\u00f3rio Integrado de Estudos da Voz, localizada no Centro de Ci\u00eancias da Sa\u00fade, Universidade Federal da Para\u00edba.<\/p>\n\n\n\n<p>   O evento dos dias 18 e 19 \u00e9 uma oportunidade \u00edmpar para estudantes aprenderem sobre anatomia palpat\u00f3ria de forma gratuita com uma grande refer\u00eancia nacional na \u00e1rea. S\u00e3o apenas 25 vagas e para se inscrever basta cadastrar-se na plataforma do sigeventos.ufpb e acessar o link abaixo:<\/p>\n\n\n\n<p>Inscri\u00e7\u00f5es: <a href=\"https:\/\/sigeventos.ufpb.br\/eventos\/public\/evento\/APAF2024\">https:\/\/sigeventos.ufpb.br\/eventos\/public\/evento\/APAF2024<\/a><\/p>\n\n\n\n<figure class=\"wp-block-image size-large\"><img loading=\"lazy\" decoding=\"async\" width=\"820\" height=\"1024\" src=\"https:\/\/www.ccs.ufpb.br\/liev\/wp-content\/uploads\/sites\/21\/sites\/151\/2024\/10\/WhatsApp-Image-2024-10-09-at-17.54.53-820x1024.jpeg\" alt=\"\" class=\"wp-image-295\" srcset=\"https:\/\/www.ccs.ufpb.br\/liev\/wp-content\/uploads\/sites\/21\/sites\/151\/2024\/10\/WhatsApp-Image-2024-10-09-at-17.54.53-820x1024.jpeg 820w, https:\/\/www.ccs.ufpb.br\/liev\/wp-content\/uploads\/sites\/21\/sites\/151\/2024\/10\/WhatsApp-Image-2024-10-09-at-17.54.53-240x300.jpeg 240w, https:\/\/www.ccs.ufpb.br\/liev\/wp-content\/uploads\/sites\/21\/sites\/151\/2024\/10\/WhatsApp-Image-2024-10-09-at-17.54.53-768x959.jpeg 768w, https:\/\/www.ccs.ufpb.br\/liev\/wp-content\/uploads\/sites\/21\/sites\/151\/2024\/10\/WhatsApp-Image-2024-10-09-at-17.54.53.jpeg 1080w\" sizes=\"auto, (max-width: 820px) 100vw, 820px\" \/><\/figure>\n\n\n\n<figure class=\"wp-block-gallery has-nested-images columns-default is-cropped wp-block-gallery-1 is-layout-flex wp-block-gallery-is-layout-flex\"><\/figure>\n","protected":false},"excerpt":{"rendered":"<p>No dia 18 e 19 de outubro de 2024, das 9h as 18h, acontecer\u00e1 um [&hellip;]<\/p>\n","protected":false},"author":88,"featured_media":295,"comment_status":"closed","ping_status":"open","sticky":false,"template":"","format":"standard","meta":{"footnotes":""},"categories":[13,12],"tags":[],"class_list":["post-294","post","type-post","status-publish","format-standard","has-post-thumbnail","hentry","category-eventos","category-palestras"],"_links":{"self":[{"href":"https:\/\/www.ccs.ufpb.br\/liev\/wp-json\/wp\/v2\/posts\/294","targetHints":{"allow":["GET"]}}],"collection":[{"href":"https:\/\/www.ccs.ufpb.br\/liev\/wp-json\/wp\/v2\/posts"}],"about":[{"href":"https:\/\/www.ccs.ufpb.br\/liev\/wp-json\/wp\/v2\/types\/post"}],"author":[{"embeddable":true,"href":"https:\/\/www.ccs.ufpb.br\/liev\/wp-json\/wp\/v2\/users\/88"}],"replies":[{"embeddable":true,"href":"https:\/\/www.ccs.ufpb.br\/liev\/wp-json\/wp\/v2\/comments?post=294"}],"version-history":[{"count":7,"href":"https:\/\/www.ccs.ufpb.br\/liev\/wp-json\/wp\/v2\/posts\/294\/revisions"}],"predecessor-version":[{"id":302,"href":"https:\/\/www.ccs.ufpb.br\/liev\/wp-json\/wp\/v2\/posts\/294\/revisions\/302"}],"wp:featuredmedia":[{"embeddable":true,"href":"https:\/\/www.ccs.ufpb.br\/liev\/wp-json\/wp\/v2\/media\/295"}],"wp:attachment":[{"href":"https:\/\/www.ccs.ufpb.br\/liev\/wp-json\/wp\/v2\/media?parent=294"}],"wp:term":[{"taxonomy":"category","embeddable":true,"href":"https:\/\/www.ccs.ufpb.br\/liev\/wp-json\/wp\/v2\/categories?post=294"},{"taxonomy":"post_tag","embeddable":true,"href":"https:\/\/www.ccs.ufpb.br\/liev\/wp-json\/wp\/v2\/tags?post=294"}],"curies":[{"name":"wp","href":"https:\/\/api.w.org\/{rel}","templated":true}]}}