{"id":957,"date":"2025-12-19T09:00:22","date_gmt":"2025-12-19T12:00:22","guid":{"rendered":"https:\/\/www.ccs.ufpb.br\/bsccs\/?p=957"},"modified":"2026-04-29T19:10:30","modified_gmt":"2026-04-29T22:10:30","slug":"funcionamento-recesso-e-ferias-academicas","status":"publish","type":"post","link":"https:\/\/www.ccs.ufpb.br\/bsccs\/2025\/12\/19\/funcionamento-recesso-e-ferias-academicas\/","title":{"rendered":"Funcionamento &#8211; Recesso e f\u00e9rias acad\u00eamicas"},"content":{"rendered":"\n<p class=\"wp-block-paragraph\">Informamos que o funcionamento da Biblioteca Setorial do CCS\/UFPB, durante o per\u00edodo do recesso para as festividades de fim e come\u00e7o de ano e as f\u00e9rias acad\u00eamicas, de 17 de dezembro de 2025 a 30 de janeiro de 2026, manter\u00e1 seu hor\u00e1rio habitual, das&nbsp; 7h \u00e0s 19h, de segunda a sexta, exceto nos seguintes dias:<\/p>\n\n\n\n<ul class=\"wp-block-list\">\n<li><b>24, 25 e 26\/12: <\/b><strong>Fechada, em virtude do dia da V\u00e9spera do Natal; do dia de Natal (feriado nacional)&nbsp; &#8211; Portaria MGI N\u00ba 9.783, de 27 de dezembro de 2024; e suspens\u00e3o das atividades administrativas, conforme comunicado por Of\u00edcio Circular pela PROGEP;<\/strong><\/li>\n\n\n\n<li><strong>29 a 30\/12: aberta ao p\u00fablico das <u>08h \u00e0s 14h<\/u><\/strong>;<\/li>\n\n\n\n<li><strong>31\/12: Funcionamento interno (invent\u00e1rio do setor), com atendimento por telefone das 7h \u00e0s 13h;<\/strong><\/li>\n\n\n\n<li><strong>01 e 02\/01: Fechada, em virtude de feriado nacional<\/strong> (<strong>Portaria MGI N\u00ba 9.783, de 27 de dezembro de 2024) e suspens\u00e3o das atividades administrativas, <strong style=\"font-weight: bold\">conforme comunicado por Of\u00edcio Circula<\/strong><strong>r pela PROGEP<\/strong>;<\/strong><\/li>\n\n\n\n<li><strong>13\/01: <\/strong><strong>Fechada, para realiza\u00e7\u00e3o de servi\u00e7os de <\/strong><strong>lavagem (a seco) de ambientes e limpeza de mobili\u00e1rios e estantes do acervo; <\/strong><\/li>\n\n\n\n<li><strong>16\/01: <\/strong><strong>Fechada, temporariamente <u>das 13h \u00e0s 15h30<\/u><\/strong><strong>, para reuni\u00e3o de planejamento anual da equipe do setor.<\/strong><\/li>\n<\/ul>\n\n\n\n<p class=\"wp-block-paragraph\">Qualquer altera\u00e7\u00e3o nesta programa\u00e7\u00e3o ser\u00e1 divulgada no <em>site<\/em> ou perfis da unidade nas redes sociais.<\/p>\n\n\n\n<p class=\"wp-block-paragraph\"><strong>Os livros emprestados em dezembro de 2025 est\u00e3o com prazos prorrogados com data final para devolu\u00e7\u00e3o para 09 de fevereiro de 2026.<\/strong><\/p>\n\n\n\n<p class=\"wp-block-paragraph\">Desejamos um Feliz Natal e um pr\u00f3spero Ano Novo.<\/p>\n\n\n\n<p class=\"wp-block-paragraph\">A Coordena\u00e7\u00e3o<\/p>\n\n\n\n<figure class=\"wp-block-image size-large is-resized\"><img loading=\"lazy\" decoding=\"async\" width=\"577\" height=\"1024\" src=\"http:\/\/www.ccs.ufpb.br\/bsccs\/wp-content\/uploads\/sites\/21\/sites\/221\/2025\/10\/BSCCS-HJ-1-577x1024.jpg\" alt=\"\" class=\"wp-image-826\" style=\"width:447px;height:auto\" srcset=\"https:\/\/www.ccs.ufpb.br\/bsccs\/wp-content\/uploads\/sites\/21\/sites\/221\/2025\/10\/BSCCS-HJ-1-577x1024.jpg 577w, https:\/\/www.ccs.ufpb.br\/bsccs\/wp-content\/uploads\/sites\/21\/sites\/221\/2025\/10\/BSCCS-HJ-1-169x300.jpg 169w, https:\/\/www.ccs.ufpb.br\/bsccs\/wp-content\/uploads\/sites\/21\/sites\/221\/2025\/10\/BSCCS-HJ-1-768x1362.jpg 768w, https:\/\/www.ccs.ufpb.br\/bsccs\/wp-content\/uploads\/sites\/21\/sites\/221\/2025\/10\/BSCCS-HJ-1-866x1536.jpg 866w, https:\/\/www.ccs.ufpb.br\/bsccs\/wp-content\/uploads\/sites\/21\/sites\/221\/2025\/10\/BSCCS-HJ-1-1155x2048.jpg 1155w, https:\/\/www.ccs.ufpb.br\/bsccs\/wp-content\/uploads\/sites\/21\/sites\/221\/2025\/10\/BSCCS-HJ-1-scaled.jpg 1443w\" sizes=\"auto, (max-width: 577px) 100vw, 577px\" \/><figcaption class=\"wp-element-caption\">Ambiente de estudo e acervo no pavimento t\u00e9rreo do setor.<\/figcaption><\/figure>\n","protected":false},"excerpt":{"rendered":"<p>Informamos que o funcionamento da Biblioteca Setorial do CCS\/UFPB, durante o per\u00edodo do recesso para [&hellip;]<\/p>\n","protected":false},"author":248,"featured_media":826,"comment_status":"open","ping_status":"open","sticky":false,"template":"","format":"standard","meta":{"footnotes":""},"categories":[5],"tags":[],"class_list":["post-957","post","type-post","status-publish","format-standard","has-post-thumbnail","hentry","category-comunicado"],"_links":{"self":[{"href":"https:\/\/www.ccs.ufpb.br\/bsccs\/wp-json\/wp\/v2\/posts\/957","targetHints":{"allow":["GET"]}}],"collection":[{"href":"https:\/\/www.ccs.ufpb.br\/bsccs\/wp-json\/wp\/v2\/posts"}],"about":[{"href":"https:\/\/www.ccs.ufpb.br\/bsccs\/wp-json\/wp\/v2\/types\/post"}],"author":[{"embeddable":true,"href":"https:\/\/www.ccs.ufpb.br\/bsccs\/wp-json\/wp\/v2\/users\/248"}],"replies":[{"embeddable":true,"href":"https:\/\/www.ccs.ufpb.br\/bsccs\/wp-json\/wp\/v2\/comments?post=957"}],"version-history":[{"count":3,"href":"https:\/\/www.ccs.ufpb.br\/bsccs\/wp-json\/wp\/v2\/posts\/957\/revisions"}],"predecessor-version":[{"id":1084,"href":"https:\/\/www.ccs.ufpb.br\/bsccs\/wp-json\/wp\/v2\/posts\/957\/revisions\/1084"}],"wp:featuredmedia":[{"embeddable":true,"href":"https:\/\/www.ccs.ufpb.br\/bsccs\/wp-json\/wp\/v2\/media\/826"}],"wp:attachment":[{"href":"https:\/\/www.ccs.ufpb.br\/bsccs\/wp-json\/wp\/v2\/media?parent=957"}],"wp:term":[{"taxonomy":"category","embeddable":true,"href":"https:\/\/www.ccs.ufpb.br\/bsccs\/wp-json\/wp\/v2\/categories?post=957"},{"taxonomy":"post_tag","embeddable":true,"href":"https:\/\/www.ccs.ufpb.br\/bsccs\/wp-json\/wp\/v2\/tags?post=957"}],"curies":[{"name":"wp","href":"https:\/\/api.w.org\/{rel}","templated":true}]}}