{"id":1311,"date":"2026-09-04T08:07:38","date_gmt":"2026-09-04T11:07:38","guid":{"rendered":"https:\/\/www.ccs.ufpb.br\/bsccs\/?p=1311"},"modified":"2026-09-04T08:12:45","modified_gmt":"2026-09-04T11:12:45","slug":"setor-fechado-no-dia-07-de-setembro","status":"publish","type":"post","link":"https:\/\/www.ccs.ufpb.br\/bsccs\/2026\/09\/04\/setor-fechado-no-dia-07-de-setembro\/","title":{"rendered":"Setor fechado no dia 07 de setembro"},"content":{"rendered":"\n<p class=\"wp-block-paragraph\">A Biblioteca Setorial do CCS\/UFPB estar\u00e1 fechada na pr\u00f3xima segunda-feira, 07 de setembro de 2026, <strong>Independ\u00eancia do Brasil, feriado Naciona<\/strong>l, conforme a Portaria MGI N\u00ba 11.460, 29\/12\/2025, emitida pelo Minist\u00e9rio da Gest\u00e3o e da Inova\u00e7\u00e3o em Servi\u00e7os P\u00fablicos.<\/p>\n\n\n\n<p class=\"wp-block-paragraph\">Os prazos de devolu\u00e7\u00e3o de livros emprestados do setor j\u00e1 se encontram prorrogados.<\/p>\n\n\n\n<p class=\"wp-block-paragraph\">Na ter\u00e7a-feira, dia 08, o setor estar\u00e1 aberto ao p\u00fablico e funcionar\u00e1 em seu hor\u00e1rio habitual.<\/p>\n\n\n\n<p class=\"wp-block-paragraph\">Qualquer altera\u00e7\u00e3o nesta programa\u00e7\u00e3o ser\u00e1 divulgada neste canal e\/ou perfil da unidade na rede <em>Instagram<\/em>.<\/p>\n\n\n\n<p class=\"wp-block-paragraph\">Agradecemos a compreens\u00e3o.<\/p>\n\n\n\n<p class=\"wp-block-paragraph\">Bom feriado.<\/p>\n\n\n\n<figure class=\"wp-block-image size-large is-resized\"><img loading=\"lazy\" decoding=\"async\" width=\"576\" height=\"1024\" src=\"http:\/\/www.ccs.ufpb.br\/bsccs\/wp-content\/uploads\/sites\/21\/sites\/221\/2026\/04\/IMG_20260429_120801779_MFNR-1-576x1024.jpg\" alt=\"\" class=\"wp-image-1071\" style=\"width:485px;height:auto\" srcset=\"https:\/\/www.ccs.ufpb.br\/bsccs\/wp-content\/uploads\/sites\/21\/sites\/221\/2026\/04\/IMG_20260429_120801779_MFNR-1-576x1024.jpg 576w, https:\/\/www.ccs.ufpb.br\/bsccs\/wp-content\/uploads\/sites\/21\/sites\/221\/2026\/04\/IMG_20260429_120801779_MFNR-1-169x300.jpg 169w, https:\/\/www.ccs.ufpb.br\/bsccs\/wp-content\/uploads\/sites\/21\/sites\/221\/2026\/04\/IMG_20260429_120801779_MFNR-1-768x1365.jpg 768w, https:\/\/www.ccs.ufpb.br\/bsccs\/wp-content\/uploads\/sites\/21\/sites\/221\/2026\/04\/IMG_20260429_120801779_MFNR-1-864x1536.jpg 864w, https:\/\/www.ccs.ufpb.br\/bsccs\/wp-content\/uploads\/sites\/21\/sites\/221\/2026\/04\/IMG_20260429_120801779_MFNR-1-1153x2048.jpg 1153w, https:\/\/www.ccs.ufpb.br\/bsccs\/wp-content\/uploads\/sites\/21\/sites\/221\/2026\/04\/IMG_20260429_120801779_MFNR-1-scaled.jpg 1441w\" sizes=\"auto, (max-width: 576px) 100vw, 576px\" \/><figcaption class=\"wp-element-caption\">Imagem da porta de entrada principal do setor, contendo avisos afixados no vidro com informa\u00e7\u00f5es sobre o funcionamento da unidade e a plaqueta de &#8220;fechado&#8221;.<\/figcaption><\/figure>\n\n\n\n<p class=\"wp-block-paragraph\"><\/p>\n","protected":false},"excerpt":{"rendered":"<p>A Biblioteca Setorial do CCS\/UFPB estar\u00e1 fechada na pr\u00f3xima segunda-feira, 07 de setembro de 2026, [&hellip;]<\/p>\n","protected":false},"author":248,"featured_media":1071,"comment_status":"open","ping_status":"open","sticky":false,"template":"","format":"standard","meta":{"footnotes":""},"categories":[5],"tags":[],"class_list":["post-1311","post","type-post","status-publish","format-standard","has-post-thumbnail","hentry","category-comunicado"],"_links":{"self":[{"href":"https:\/\/www.ccs.ufpb.br\/bsccs\/wp-json\/wp\/v2\/posts\/1311","targetHints":{"allow":["GET"]}}],"collection":[{"href":"https:\/\/www.ccs.ufpb.br\/bsccs\/wp-json\/wp\/v2\/posts"}],"about":[{"href":"https:\/\/www.ccs.ufpb.br\/bsccs\/wp-json\/wp\/v2\/types\/post"}],"author":[{"embeddable":true,"href":"https:\/\/www.ccs.ufpb.br\/bsccs\/wp-json\/wp\/v2\/users\/248"}],"replies":[{"embeddable":true,"href":"https:\/\/www.ccs.ufpb.br\/bsccs\/wp-json\/wp\/v2\/comments?post=1311"}],"version-history":[{"count":2,"href":"https:\/\/www.ccs.ufpb.br\/bsccs\/wp-json\/wp\/v2\/posts\/1311\/revisions"}],"predecessor-version":[{"id":1313,"href":"https:\/\/www.ccs.ufpb.br\/bsccs\/wp-json\/wp\/v2\/posts\/1311\/revisions\/1313"}],"wp:featuredmedia":[{"embeddable":true,"href":"https:\/\/www.ccs.ufpb.br\/bsccs\/wp-json\/wp\/v2\/media\/1071"}],"wp:attachment":[{"href":"https:\/\/www.ccs.ufpb.br\/bsccs\/wp-json\/wp\/v2\/media?parent=1311"}],"wp:term":[{"taxonomy":"category","embeddable":true,"href":"https:\/\/www.ccs.ufpb.br\/bsccs\/wp-json\/wp\/v2\/categories?post=1311"},{"taxonomy":"post_tag","embeddable":true,"href":"https:\/\/www.ccs.ufpb.br\/bsccs\/wp-json\/wp\/v2\/tags?post=1311"}],"curies":[{"name":"wp","href":"https:\/\/api.w.org\/{rel}","templated":true}]}}