{"id":1294,"date":"2026-08-03T13:06:38","date_gmt":"2026-08-03T16:06:38","guid":{"rendered":"https:\/\/www.ccs.ufpb.br\/bsccs\/?p=1294"},"modified":"2026-08-13T13:25:03","modified_gmt":"2026-08-13T16:25:03","slug":"funcionamento-da-bs-ccs-ufpb-agosto-2026","status":"publish","type":"post","link":"https:\/\/www.ccs.ufpb.br\/bsccs\/2026\/08\/03\/funcionamento-da-bs-ccs-ufpb-agosto-2026\/","title":{"rendered":"Funcionamento da BS\/CCS\/UFPB, agosto 2026"},"content":{"rendered":"\n<p class=\"wp-block-paragraph\">A Biblioteca Setorial do CCS\/UFPB manter\u00e1 seu funcionamento no hor\u00e1rio habitual, 7h \u00e0s19h, durante o m\u00eas de agosto, incluindo o per\u00edodo de f\u00e9rias acad\u00eamicas, 13 a 27 de agosto, com exce\u00e7\u00e3o para os seguintes dias:<\/p>\n\n\n\n<p class=\"wp-block-paragraph\"><strong>05\/08<\/strong>: <strong>Setor fechado<\/strong>, em virtude da Data Magna do Estado da Para\u00edba &#8211; Lei 10.601\/2015 &#8211;  funda\u00e7\u00e3o da cidade de Jo\u00e3o Pessoa &#8211; Feriado estadual.<\/p>\n\n\n\n<p class=\"wp-block-paragraph\"><strong>13\/08: Setor temporariamente fechado<\/strong> para limpeza de depend\u00eancias internas e mobili\u00e1rios. Servidores da Unidade estar\u00e3o em atividade interna, durante os servi\u00e7os de limpeza. A Biblioteca ser\u00e1 aberta ao p\u00fablico a partir das 15:30 ou logo ap\u00f3s ao t\u00e9rmino dos servi\u00e7os e ficar\u00e1 aberta at\u00e9 19h.<\/p>\n\n\n\n<p class=\"wp-block-paragraph\">Os prazos dos empr\u00e9stimos do setor foram prorrogados para os respectivos dias e per\u00edodos.<\/p>\n\n\n\n<p class=\"wp-block-paragraph\">Qualquer altera\u00e7\u00e3o nesta programa\u00e7\u00e3o ser\u00e1 divulgado em aviso na <strong>porta da entrada principal do setor<\/strong> ou neste canal ou perfil da unidade do <em>Instagram.<\/em><\/p>\n\n\n\n<p class=\"wp-block-paragraph\">Agradecemos a compreens\u00e3o.<\/p>\n\n\n\n<figure class=\"wp-block-image size-large\"><img loading=\"lazy\" decoding=\"async\" width=\"1024\" height=\"576\" src=\"http:\/\/www.ccs.ufpb.br\/bsccs\/wp-content\/uploads\/sites\/21\/sites\/221\/2026\/07\/IMG_20260714_083920836_MFNR-1024x576.jpg\" alt=\"\" class=\"wp-image-1244\" srcset=\"https:\/\/www.ccs.ufpb.br\/bsccs\/wp-content\/uploads\/sites\/21\/sites\/221\/2026\/07\/IMG_20260714_083920836_MFNR-1024x576.jpg 1024w, https:\/\/www.ccs.ufpb.br\/bsccs\/wp-content\/uploads\/sites\/21\/sites\/221\/2026\/07\/IMG_20260714_083920836_MFNR-300x169.jpg 300w, https:\/\/www.ccs.ufpb.br\/bsccs\/wp-content\/uploads\/sites\/21\/sites\/221\/2026\/07\/IMG_20260714_083920836_MFNR-768x432.jpg 768w, https:\/\/www.ccs.ufpb.br\/bsccs\/wp-content\/uploads\/sites\/21\/sites\/221\/2026\/07\/IMG_20260714_083920836_MFNR-1536x864.jpg 1536w, https:\/\/www.ccs.ufpb.br\/bsccs\/wp-content\/uploads\/sites\/21\/sites\/221\/2026\/07\/IMG_20260714_083920836_MFNR-2048x1153.jpg 2048w\" sizes=\"auto, (max-width: 1024px) 100vw, 1024px\" \/><figcaption class=\"wp-element-caption\">Registro fotogr\u00e1fico de ambiente de estudo com mesa, cabines e cadeiras, computadores e estantes com acervo, no t\u00e9rreo do setor.<\/figcaption><\/figure>\n\n\n\n<p class=\"wp-block-paragraph\">A Coordena\u00e7\u00e3o.<\/p>\n","protected":false},"excerpt":{"rendered":"<p>A Biblioteca Setorial do CCS\/UFPB manter\u00e1 seu funcionamento no hor\u00e1rio habitual, 7h \u00e0s19h, durante o [&hellip;]<\/p>\n","protected":false},"author":248,"featured_media":1244,"comment_status":"open","ping_status":"open","sticky":false,"template":"","format":"standard","meta":{"footnotes":""},"categories":[5],"tags":[],"class_list":["post-1294","post","type-post","status-publish","format-standard","has-post-thumbnail","hentry","category-comunicado"],"_links":{"self":[{"href":"https:\/\/www.ccs.ufpb.br\/bsccs\/wp-json\/wp\/v2\/posts\/1294","targetHints":{"allow":["GET"]}}],"collection":[{"href":"https:\/\/www.ccs.ufpb.br\/bsccs\/wp-json\/wp\/v2\/posts"}],"about":[{"href":"https:\/\/www.ccs.ufpb.br\/bsccs\/wp-json\/wp\/v2\/types\/post"}],"author":[{"embeddable":true,"href":"https:\/\/www.ccs.ufpb.br\/bsccs\/wp-json\/wp\/v2\/users\/248"}],"replies":[{"embeddable":true,"href":"https:\/\/www.ccs.ufpb.br\/bsccs\/wp-json\/wp\/v2\/comments?post=1294"}],"version-history":[{"count":7,"href":"https:\/\/www.ccs.ufpb.br\/bsccs\/wp-json\/wp\/v2\/posts\/1294\/revisions"}],"predecessor-version":[{"id":1306,"href":"https:\/\/www.ccs.ufpb.br\/bsccs\/wp-json\/wp\/v2\/posts\/1294\/revisions\/1306"}],"wp:featuredmedia":[{"embeddable":true,"href":"https:\/\/www.ccs.ufpb.br\/bsccs\/wp-json\/wp\/v2\/media\/1244"}],"wp:attachment":[{"href":"https:\/\/www.ccs.ufpb.br\/bsccs\/wp-json\/wp\/v2\/media?parent=1294"}],"wp:term":[{"taxonomy":"category","embeddable":true,"href":"https:\/\/www.ccs.ufpb.br\/bsccs\/wp-json\/wp\/v2\/categories?post=1294"},{"taxonomy":"post_tag","embeddable":true,"href":"https:\/\/www.ccs.ufpb.br\/bsccs\/wp-json\/wp\/v2\/tags?post=1294"}],"curies":[{"name":"wp","href":"https:\/\/api.w.org\/{rel}","templated":true}]}}